{"id":12239,"global_id":"www.atarrayaproductions.com\/en\/?id=12239","global_id_lineage":["www.atarrayaproductions.com\/en\/?id=12239"],"author":"3","status":"publish","date":"2023-12-05 16:48:23","date_utc":"2023-12-05 15:48:23","modified":"2023-12-05 16:48:23","modified_utc":"2023-12-05 15:48:23","url":"https:\/\/www.atarrayaproductions.com\/en\/date\/lula-heldt-printemps-des-poetes-mediatheque-roger-cibien-florac-48-19h30\/","rest_url":"https:\/\/www.atarrayaproductions.com\/en\/wp-json\/tribe\/events\/v1\/events\/12239","title":"LULA HELDT \/\/ Printemps des Po\u00e8tes &#8211; M\u00e9diath\u00e8que Roger Cibien FLORAC (48) 19h30","description":"","excerpt":"","slug":"lula-heldt-printemps-des-poetes-mediatheque-roger-cibien-florac-48-19h30","image":{"url":"https:\/\/www.atarrayaproductions.com\/wp-content\/uploads\/2022\/11\/Banniere_artistes_LH.png","id":9879,"extension":"png","width":1200,"height":630,"filesize":"1791279","sizes":{"medium":{"width":500,"height":263,"mime-type":"image\/png","filesize":"357372","url":"https:\/\/www.atarrayaproductions.com\/wp-content\/uploads\/2022\/11\/Banniere_artistes_LH-500x263.png"},"large":{"width":1024,"height":538,"mime-type":"image\/png","filesize":"1460474","url":"https:\/\/www.atarrayaproductions.com\/wp-content\/uploads\/2022\/11\/Banniere_artistes_LH-1024x538.png"},"thumbnail":{"width":300,"height":300,"mime-type":"image\/png","filesize":"234351","url":"https:\/\/www.atarrayaproductions.com\/wp-content\/uploads\/2022\/11\/Banniere_artistes_LH-300x300.png"},"medium_large":{"width":768,"height":403,"mime-type":"image\/png","filesize":"841119","url":"https:\/\/www.atarrayaproductions.com\/wp-content\/uploads\/2022\/11\/Banniere_artistes_LH-768x403.png"},"Image Size 500x500":{"width":500,"height":500,"mime-type":"image\/png","filesize":"632876","url":"https:\/\/www.atarrayaproductions.com\/wp-content\/uploads\/2022\/11\/Banniere_artistes_LH-500x500.png"}}},"all_day":true,"start_date":"2024-03-06 00:00:00","start_date_details":{"year":"2024","month":"03","day":"06","hour":"00","minutes":"00","seconds":"00"},"end_date":"2024-03-06 23:59:59","end_date_details":{"year":"2024","month":"03","day":"06","hour":"23","minutes":"59","seconds":"59"},"utc_start_date":"2024-03-05 23:00:00","utc_start_date_details":{"year":"2024","month":"03","day":"05","hour":"23","minutes":"00","seconds":"00"},"utc_end_date":"2024-03-06 22:59:59","utc_end_date_details":{"year":"2024","month":"03","day":"06","hour":"22","minutes":"59","seconds":"59"},"timezone":"Europe\/Paris","timezone_abbr":"CET","cost":"","cost_details":{"currency_symbol":"","currency_code":"","currency_position":"prefix","values":[]},"website":"","show_map":true,"show_map_link":true,"hide_from_listings":false,"sticky":false,"featured":false,"categories":[],"tags":[{"name":"LULA HELDT","slug":"lula-heldt","term_group":0,"term_taxonomy_id":168,"taxonomy":"post_tag","description":"","parent":0,"count":122,"filter":"raw","id":168,"urls":{"self":"https:\/\/www.atarrayaproductions.com\/en\/wp-json\/tribe\/events\/v1\/tags\/168","collection":"https:\/\/www.atarrayaproductions.com\/en\/wp-json\/tribe\/events\/v1\/tags"}}],"venue":{"id":12244,"author":"3","status":"publish","date":"2023-12-05 16:48:23","date_utc":"2023-12-05 15:48:23","modified":"2023-12-05 16:48:23","modified_utc":"2023-12-05 15:48:23","url":"https:\/\/www.atarrayaproductions.com\/venue\/printemps-des-poetes-mediatheque-roger-cibien\/","venue":"Printemps des Po\u00e8tes &#8211; M\u00e9diath\u00e8que Roger Cibien","slug":"printemps-des-poetes-mediatheque-roger-cibien","city":"FLORAC","country":"France","zip":"48","json_ld":{"@type":"Place","name":"Printemps des Po\u00e8tes &#8211; M\u00e9diath\u00e8que Roger Cibien","description":"","url":"https:\/\/www.atarrayaproductions.com\/venue\/printemps-des-poetes-mediatheque-roger-cibien\/","address":{"@type":"PostalAddress","addressLocality":"FLORAC","postalCode":"48","addressCountry":"France"},"telephone":"","sameAs":""},"show_map":true,"show_map_link":true,"global_id":"www.atarrayaproductions.com\/en\/?id=12244","global_id_lineage":["www.atarrayaproductions.com\/en\/?id=12244"]},"organizer":[],"json_ld":{"@context":"http:\/\/schema.org","@type":"Event","name":"LULA HELDT \/\/ Printemps des Po\u00e8tes &#8211; M\u00e9diath\u00e8que Roger Cibien FLORAC (48) 19h30","description":"","image":"https:\/\/www.atarrayaproductions.com\/wp-content\/uploads\/2022\/11\/Banniere_artistes_LH.png","url":"https:\/\/www.atarrayaproductions.com\/en\/date\/lula-heldt-printemps-des-poetes-mediatheque-roger-cibien-florac-48-19h30\/","eventAttendanceMode":"https:\/\/schema.org\/OfflineEventAttendanceMode","startDate":"2024-03-06T00:00:00+01:00","endDate":"2024-03-06T23:59:59+01:00","location":{"@type":"Place","name":"Printemps des Po\u00e8tes &#8211; M\u00e9diath\u00e8que Roger Cibien","description":"","url":"https:\/\/www.atarrayaproductions.com\/venue\/printemps-des-poetes-mediatheque-roger-cibien\/","address":{"@type":"PostalAddress","addressLocality":"FLORAC","postalCode":"48","addressCountry":"France"},"telephone":"","sameAs":""},"organizer":false,"performer":"Organization"}}