{"id":14758,"global_id":"www.atarrayaproductions.com\/en\/?id=14758","global_id_lineage":["www.atarrayaproductions.com\/en\/?id=14758"],"author":"3","status":"publish","date":"2025-04-23 09:28:33","date_utc":"2025-04-23 07:28:33","modified":"2025-04-23 09:28:33","modified_utc":"2025-04-23 07:28:33","url":"https:\/\/www.atarrayaproductions.com\/en\/date\/lula-heldt-fete-de-la-musique-accroconcert-avec-la-cie-jupon-ceret-66\/","rest_url":"https:\/\/www.atarrayaproductions.com\/en\/wp-json\/tribe\/events\/v1\/events\/14758","title":"LULA HELDT \/\/ F\u00eate de la musique &#8211;  Accroconcert avec La cie jupon CERET (66)","description":"","excerpt":"","slug":"lula-heldt-fete-de-la-musique-accroconcert-avec-la-cie-jupon-ceret-66","image":{"url":"https:\/\/www.atarrayaproductions.com\/wp-content\/uploads\/2022\/11\/Banniere_artistes_LH.png","id":9879,"extension":"png","width":1200,"height":630,"filesize":"1791279","sizes":{"medium":{"width":500,"height":263,"mime-type":"image\/png","filesize":"357372","url":"https:\/\/www.atarrayaproductions.com\/wp-content\/uploads\/2022\/11\/Banniere_artistes_LH-500x263.png"},"large":{"width":1024,"height":538,"mime-type":"image\/png","filesize":"1460474","url":"https:\/\/www.atarrayaproductions.com\/wp-content\/uploads\/2022\/11\/Banniere_artistes_LH-1024x538.png"},"thumbnail":{"width":300,"height":300,"mime-type":"image\/png","filesize":"234351","url":"https:\/\/www.atarrayaproductions.com\/wp-content\/uploads\/2022\/11\/Banniere_artistes_LH-300x300.png"},"medium_large":{"width":768,"height":403,"mime-type":"image\/png","filesize":"841119","url":"https:\/\/www.atarrayaproductions.com\/wp-content\/uploads\/2022\/11\/Banniere_artistes_LH-768x403.png"},"Image Size 500x500":{"width":500,"height":500,"mime-type":"image\/png","filesize":"632876","url":"https:\/\/www.atarrayaproductions.com\/wp-content\/uploads\/2022\/11\/Banniere_artistes_LH-500x500.png"}}},"all_day":true,"start_date":"2025-06-21 00:00:00","start_date_details":{"year":"2025","month":"06","day":"21","hour":"00","minutes":"00","seconds":"00"},"end_date":"2025-06-21 23:59:59","end_date_details":{"year":"2025","month":"06","day":"21","hour":"23","minutes":"59","seconds":"59"},"utc_start_date":"2025-06-20 22:00:00","utc_start_date_details":{"year":"2025","month":"06","day":"20","hour":"22","minutes":"00","seconds":"00"},"utc_end_date":"2025-06-21 21:59:59","utc_end_date_details":{"year":"2025","month":"06","day":"21","hour":"21","minutes":"59","seconds":"59"},"timezone":"Europe\/Paris","timezone_abbr":"CEST","cost":"","cost_details":{"currency_symbol":"","currency_code":"","currency_position":"prefix","values":[]},"website":"","show_map":true,"show_map_link":true,"hide_from_listings":false,"sticky":false,"featured":false,"categories":[],"tags":[{"name":"LULA HELDT","slug":"lula-heldt","term_group":0,"term_taxonomy_id":168,"taxonomy":"post_tag","description":"","parent":0,"count":122,"filter":"raw","id":168,"urls":{"self":"https:\/\/www.atarrayaproductions.com\/en\/wp-json\/tribe\/events\/v1\/tags\/168","collection":"https:\/\/www.atarrayaproductions.com\/en\/wp-json\/tribe\/events\/v1\/tags"}}],"venue":{"id":14759,"author":"3","status":"publish","date":"2025-04-23 09:28:34","date_utc":"2025-04-23 07:28:34","modified":"2025-04-23 09:28:34","modified_utc":"2025-04-23 07:28:34","url":"https:\/\/www.atarrayaproductions.com\/venue\/fete-de-la-musique-ceret\/","venue":"F\u00eate de la musique &#8211; C\u00c9RET","slug":"fete-de-la-musique-ceret","province":"66","stateprovince":"66","json_ld":{"@type":"Place","name":"F\u00eate de la musique &#8211; C\u00c9RET","description":"","url":"https:\/\/www.atarrayaproductions.com\/venue\/fete-de-la-musique-ceret\/","address":{"@type":"PostalAddress","addressRegion":"66"},"telephone":"","sameAs":""},"show_map":true,"show_map_link":true,"global_id":"www.atarrayaproductions.com\/en\/?id=14759","global_id_lineage":["www.atarrayaproductions.com\/en\/?id=14759"]},"organizer":[],"json_ld":{"@context":"http:\/\/schema.org","@type":"Event","name":"LULA HELDT \/\/ F\u00eate de la musique &#8211;  Accroconcert avec La cie jupon CERET (66)","description":"","image":"https:\/\/www.atarrayaproductions.com\/wp-content\/uploads\/2022\/11\/Banniere_artistes_LH.png","url":"https:\/\/www.atarrayaproductions.com\/en\/date\/lula-heldt-fete-de-la-musique-accroconcert-avec-la-cie-jupon-ceret-66\/","eventAttendanceMode":"https:\/\/schema.org\/OfflineEventAttendanceMode","startDate":"2025-06-21T00:00:00+02:00","endDate":"2025-06-21T23:59:59+02:00","location":{"@type":"Place","name":"F\u00eate de la musique &#8211; C\u00c9RET","description":"","url":"https:\/\/www.atarrayaproductions.com\/venue\/fete-de-la-musique-ceret\/","address":{"@type":"PostalAddress","addressRegion":"66"},"telephone":"","sameAs":""},"organizer":false,"performer":"Organization"}}